{"id":311,"date":"2023-09-12T13:10:44","date_gmt":"2023-09-12T13:10:44","guid":{"rendered":"https:\/\/www.kliro.cz\/?p=311"},"modified":"2024-01-11T14:04:21","modified_gmt":"2024-01-11T14:04:21","slug":"jak-minimalizujeme-extra-naklady-na-uklid-v-kancelarich-%f0%9f%93%89-%f0%9f%a4%91","status":"publish","type":"post","link":"https:\/\/www.kliro.cz\/?p=311","title":{"rendered":"Jak minimalizujeme extra n\u00e1klady na \u00faklid administrativn\u00ed budovy"},"content":{"rendered":"\n<p class=\"has-medium-font-size\">Kdy\u017e ukl\u00edz\u00edme nov\u00e9 prostory, d\u011bl\u00e1me vstupn\u00ed gener\u00e1ln\u00ed \u00faklid zdarma.<\/p>\n\n\n\n<p class=\"has-medium-font-size\">Gener\u00e1ln\u00ed \u00faklid m\u00e1 pro klienta dva hlavn\u00ed benefity.<\/p>\n\n\n\n<p class=\"has-medium-font-size\">V\u00edte co od \u00faklidu \u010dekat do budoucna. Nastav\u00ed se toti\u017e standard kvality, kter\u00fd se \u00faklidov\u00e1 firma zavazuje dodr\u017eovat.<\/p>\n\n\n\n<p class=\"has-medium-font-size\">Vstupn\u00ed gener\u00e1ln\u00ed \u00faklid je tak\u00e9 zp\u016fsob jak se \u00faklidov\u00fd t\u00fdm perfektn\u011b sezn\u00e1m\u00ed se specifikem prostor.<\/p>\n\n\n\n<figure class=\"wp-block-image size-large is-resized\"><img loading=\"lazy\" decoding=\"async\" width=\"1024\" height=\"683\" src=\"https:\/\/www.kliro.cz\/wp-content\/uploads\/2023\/09\/verne-ho-MwW-zrkYSIU-unsplash-1024x683.jpg\" alt=\"\" class=\"wp-image-312\" style=\"width:634px;height:auto\" srcset=\"https:\/\/www.kliro.cz\/wp-content\/uploads\/2023\/09\/verne-ho-MwW-zrkYSIU-unsplash-1024x683.jpg 1024w, https:\/\/www.kliro.cz\/wp-content\/uploads\/2023\/09\/verne-ho-MwW-zrkYSIU-unsplash-300x200.jpg 300w, https:\/\/www.kliro.cz\/wp-content\/uploads\/2023\/09\/verne-ho-MwW-zrkYSIU-unsplash-768x512.jpg 768w, https:\/\/www.kliro.cz\/wp-content\/uploads\/2023\/09\/verne-ho-MwW-zrkYSIU-unsplash-1536x1024.jpg 1536w, https:\/\/www.kliro.cz\/wp-content\/uploads\/2023\/09\/verne-ho-MwW-zrkYSIU-unsplash-2048x1365.jpg 2048w\" sizes=\"auto, (max-width: 1024px) 100vw, 1024px\" \/><\/figure>\n\n\n\n<p class=\"has-medium-font-size\">Vstupn\u00ed gener\u00e1ln\u00ed \u00faklid vn\u00edm\u00e1me jako jednu z nejd\u016fle\u017eit\u011bj\u0161\u00edch v\u011bc\u00ed, kter\u00e9 je t\u0159eba ud\u011blat, aby \u00faklidov\u00e9 slu\u017eby byly nastaveny dob\u0159e. <\/p>\n\n\n\n<p class=\"has-medium-font-size\">Proto u n\u00e1s v Kliru d\u011bl\u00e1me na ka\u017ed\u00e9 budov\u011b prvn\u00ed gener\u00e1ln\u00ed \u00faklid kompletn\u011b na na\u0161e n\u00e1klady!<\/p>\n\n\n\n<p class=\"has-medium-font-size\">Investujeme tak do pozn\u00e1n\u00ed nemovitost a nastaven\u00ed \u00faklidov\u00e9ho standardu. Ob\u011bma stran\u00e1m se to v\u017edy kr\u00e1lovsky vyplat\u00ed.<\/p>\n\n\n\n<p class=\"has-medium-font-size\">Pokud byste m\u011bli z\u00e1jem o gener\u00e1ln\u00ed \u00faklid na na\u0161e n\u00e1klady v r\u00e1mci spolupr\u00e1ce, ozv\u011bte se n\u00e1m.<\/p>\n\n\n\n<p><\/p>\n\n\n\n<p><\/p>\n","protected":false},"excerpt":{"rendered":"<p>Kdy\u017e ukl\u00edz\u00edme nov\u00e9 prostory, d\u011bl\u00e1me vstupn\u00ed gener\u00e1ln\u00ed \u00faklid zdarma. Gener\u00e1ln\u00ed \u00faklid m\u00e1 pro klienta dva hlavn\u00ed benefity. V\u00edte co od \u00faklidu \u010dekat do budoucna. Nastav\u00ed se toti\u017e standard kvality, kter\u00fd se \u00faklidov\u00e1 firma zavazuje dodr\u017eovat. Vstupn\u00ed gener\u00e1ln\u00ed \u00faklid je tak\u00e9 zp\u016fsob jak se \u00faklidov\u00fd t\u00fdm perfektn\u011b sezn\u00e1m\u00ed se specifikem prostor. Vstupn\u00ed gener\u00e1ln\u00ed \u00faklid vn\u00edm\u00e1me jako [&hellip;]<\/p>\n","protected":false},"author":2,"featured_media":313,"comment_status":"open","ping_status":"open","sticky":false,"template":"","format":"standard","meta":{"footnotes":""},"categories":[5],"tags":[],"class_list":["post-311","post","type-post","status-publish","format-standard","has-post-thumbnail","hentry","category-tipy-na-uklid-v-kancelari"],"_links":{"self":[{"href":"https:\/\/www.kliro.cz\/index.php?rest_route=\/wp\/v2\/posts\/311","targetHints":{"allow":["GET"]}}],"collection":[{"href":"https:\/\/www.kliro.cz\/index.php?rest_route=\/wp\/v2\/posts"}],"about":[{"href":"https:\/\/www.kliro.cz\/index.php?rest_route=\/wp\/v2\/types\/post"}],"author":[{"embeddable":true,"href":"https:\/\/www.kliro.cz\/index.php?rest_route=\/wp\/v2\/users\/2"}],"replies":[{"embeddable":true,"href":"https:\/\/www.kliro.cz\/index.php?rest_route=%2Fwp%2Fv2%2Fcomments&post=311"}],"version-history":[{"count":5,"href":"https:\/\/www.kliro.cz\/index.php?rest_route=\/wp\/v2\/posts\/311\/revisions"}],"predecessor-version":[{"id":434,"href":"https:\/\/www.kliro.cz\/index.php?rest_route=\/wp\/v2\/posts\/311\/revisions\/434"}],"wp:featuredmedia":[{"embeddable":true,"href":"https:\/\/www.kliro.cz\/index.php?rest_route=\/wp\/v2\/media\/313"}],"wp:attachment":[{"href":"https:\/\/www.kliro.cz\/index.php?rest_route=%2Fwp%2Fv2%2Fmedia&parent=311"}],"wp:term":[{"taxonomy":"category","embeddable":true,"href":"https:\/\/www.kliro.cz\/index.php?rest_route=%2Fwp%2Fv2%2Fcategories&post=311"},{"taxonomy":"post_tag","embeddable":true,"href":"https:\/\/www.kliro.cz\/index.php?rest_route=%2Fwp%2Fv2%2Ftags&post=311"}],"curies":[{"name":"wp","href":"https:\/\/api.w.org\/{rel}","templated":true}]}}