{"id":316,"date":"2023-09-12T13:18:46","date_gmt":"2023-09-12T13:18:46","guid":{"rendered":"https:\/\/www.kliro.cz\/?p=316"},"modified":"2024-01-10T13:24:05","modified_gmt":"2024-01-10T13:24:05","slug":"predmyvate-talire-pred-mytim-plytvate-vodou","status":"publish","type":"post","link":"https:\/\/www.kliro.cz\/?p=316","title":{"rendered":"P\u0159edm\u00fdv\u00e1te tal\u00ed\u0159e? Pl\u00fdtv\u00e1te vodou!"},"content":{"rendered":"\n<p class=\"has-medium-font-size\">\u017divot bez my\u010dky si v kancel\u00e1\u0159i up\u0159\u00edmn\u011b neum\u00edm p\u0159edstavit.<\/p>\n\n\n\n<p class=\"has-medium-font-size\">My\u010dka je ten \u201ckolega\u201d, kter\u00fd v\u017edy ud\u011bl\u00e1 svou pr\u00e1ci za stejn\u00fd \u010das, nebere si dovolenou a pije jenom vodu.<\/p>\n\n\n\n<p class=\"has-medium-font-size\">Takov\u00e9ho kolegu si chcete udr\u017eet a proto se o n\u011bj mus\u00edte n\u00e1le\u017eit\u011b postarat!<\/p>\n\n\n\n<figure class=\"wp-block-image size-large is-resized\"><img loading=\"lazy\" decoding=\"async\" width=\"2560\" height=\"1921\" src=\"https:\/\/www.kliro.cz\/wp-content\/uploads\/2023\/09\/nathan-dumlao-mAWTLZIjI8k-unsplash-edited-scaled.jpg\" alt=\"\" class=\"wp-image-318\" style=\"width:637px;height:auto\" srcset=\"https:\/\/www.kliro.cz\/wp-content\/uploads\/2023\/09\/nathan-dumlao-mAWTLZIjI8k-unsplash-edited-scaled.jpg 2560w, https:\/\/www.kliro.cz\/wp-content\/uploads\/2023\/09\/nathan-dumlao-mAWTLZIjI8k-unsplash-edited-300x225.jpg 300w, https:\/\/www.kliro.cz\/wp-content\/uploads\/2023\/09\/nathan-dumlao-mAWTLZIjI8k-unsplash-edited-1024x768.jpg 1024w, https:\/\/www.kliro.cz\/wp-content\/uploads\/2023\/09\/nathan-dumlao-mAWTLZIjI8k-unsplash-edited-768x576.jpg 768w, https:\/\/www.kliro.cz\/wp-content\/uploads\/2023\/09\/nathan-dumlao-mAWTLZIjI8k-unsplash-edited-1536x1153.jpg 1536w, https:\/\/www.kliro.cz\/wp-content\/uploads\/2023\/09\/nathan-dumlao-mAWTLZIjI8k-unsplash-edited-2048x1537.jpg 2048w\" sizes=\"auto, (max-width: 2560px) 100vw, 2560px\" \/><\/figure>\n\n\n\n<p class=\"has-medium-font-size\">Pokud nechcete, aby v\u00e1m my\u010dka ode\u0161la do p\u0159ed\u010dasn\u00e9ho d\u016fchodu, tak:<\/p>\n\n\n\n<p class=\"has-medium-font-size\">\u2705 dopl\u0148ujte pravideln\u011b s\u016fl<br>\u2705 pravideln\u011b \u010dist\u011bte filtr<br>\u2705 4x za rok my\u010dku d\u016fkladn\u011b vy\u010dist\u011bte<br>\u2705 nastavte spr\u00e1vnou tvrdost vody (info zjist\u00edte od dodavatele vody<\/p>\n\n\n\n<p class=\"has-medium-font-size\">\u274c nepou\u017e\u00edvejte \u201cdeodora\u010dn\u00ed\u201d p\u0159\u00edpravky, na funkci my\u010dky nemaj\u00ed vliv<br>\u274c nevkl\u00e1dejte &#8211; kuchy\u0148sk\u00e9 no\u017ee, d\u0159ev\u011bn\u00e9 n\u00e1dob\u00ed, st\u0159\u00edbrn\u00e9 n\u00e1dob\u00ed, porcel\u00e1n, teflon, plasty<\/p>\n\n\n\n<p class=\"has-medium-font-size\">A te\u010f ot\u00e1zka star\u00e1 jak lidstvo. P\u0159edm\u00fdvat \u010di nep\u0159edm\u00fdvat?<\/p>\n\n\n\n<p class=\"has-medium-font-size\">N\u00e1dob\u00ed p\u0159edm\u00fdt m\u016f\u017eete, nicm\u00e9n\u011b za m\u011b je to pl\u00fdtv\u00e1n\u00ed vodou. Pokud mechanicky odstran\u00edte zbytky j\u00eddla, my\u010dka si s tal\u00ed\u0159em porad\u00ed&#8230; Je to my\u010dka!<\/p>\n\n\n\n<p><\/p>\n\n\n\n<p><\/p>\n","protected":false},"excerpt":{"rendered":"<p>\u017divot bez my\u010dky si v kancel\u00e1\u0159i up\u0159\u00edmn\u011b neum\u00edm p\u0159edstavit. My\u010dka je ten \u201ckolega\u201d, kter\u00fd v\u017edy ud\u011bl\u00e1 svou pr\u00e1ci za stejn\u00fd \u010das, nebere si dovolenou a pije jenom vodu. Takov\u00e9ho kolegu si chcete udr\u017eet a proto se o n\u011bj mus\u00edte n\u00e1le\u017eit\u011b postarat! Pokud nechcete, aby v\u00e1m my\u010dka ode\u0161la do p\u0159ed\u010dasn\u00e9ho d\u016fchodu, tak: \u2705 dopl\u0148ujte pravideln\u011b s\u016fl\u2705 [&hellip;]<\/p>\n","protected":false},"author":2,"featured_media":319,"comment_status":"open","ping_status":"open","sticky":false,"template":"","format":"standard","meta":{"footnotes":""},"categories":[5],"tags":[],"class_list":["post-316","post","type-post","status-publish","format-standard","has-post-thumbnail","hentry","category-tipy-na-uklid-v-kancelari"],"_links":{"self":[{"href":"https:\/\/www.kliro.cz\/index.php?rest_route=\/wp\/v2\/posts\/316","targetHints":{"allow":["GET"]}}],"collection":[{"href":"https:\/\/www.kliro.cz\/index.php?rest_route=\/wp\/v2\/posts"}],"about":[{"href":"https:\/\/www.kliro.cz\/index.php?rest_route=\/wp\/v2\/types\/post"}],"author":[{"embeddable":true,"href":"https:\/\/www.kliro.cz\/index.php?rest_route=\/wp\/v2\/users\/2"}],"replies":[{"embeddable":true,"href":"https:\/\/www.kliro.cz\/index.php?rest_route=%2Fwp%2Fv2%2Fcomments&post=316"}],"version-history":[{"count":4,"href":"https:\/\/www.kliro.cz\/index.php?rest_route=\/wp\/v2\/posts\/316\/revisions"}],"predecessor-version":[{"id":428,"href":"https:\/\/www.kliro.cz\/index.php?rest_route=\/wp\/v2\/posts\/316\/revisions\/428"}],"wp:featuredmedia":[{"embeddable":true,"href":"https:\/\/www.kliro.cz\/index.php?rest_route=\/wp\/v2\/media\/319"}],"wp:attachment":[{"href":"https:\/\/www.kliro.cz\/index.php?rest_route=%2Fwp%2Fv2%2Fmedia&parent=316"}],"wp:term":[{"taxonomy":"category","embeddable":true,"href":"https:\/\/www.kliro.cz\/index.php?rest_route=%2Fwp%2Fv2%2Fcategories&post=316"},{"taxonomy":"post_tag","embeddable":true,"href":"https:\/\/www.kliro.cz\/index.php?rest_route=%2Fwp%2Fv2%2Ftags&post=316"}],"curies":[{"name":"wp","href":"https:\/\/api.w.org\/{rel}","templated":true}]}}