{"id":438,"date":"2024-01-29T08:33:29","date_gmt":"2024-01-29T08:33:29","guid":{"rendered":"https:\/\/www.kliro.cz\/?p=438"},"modified":"2024-03-18T09:13:42","modified_gmt":"2024-03-18T09:13:42","slug":"nejspinavejsi-obdobi-pro-kancelare-je-tu-jak-na-nechutnou-mestskou-zimu","status":"publish","type":"post","link":"https:\/\/www.kliro.cz\/?p=438","title":{"rendered":"Nej\u0161pinav\u011bj\u0161\u00ed obdob\u00ed pro kancel\u00e1\u0159e je tu! Jak na nechutnou, m\u011bstskou zimu?"},"content":{"rendered":"<div class=\"wp-block-image\">\n<figure class=\"alignright size-large is-resized\"><img loading=\"lazy\" decoding=\"async\" width=\"1024\" height=\"683\" src=\"https:\/\/www.kliro.cz\/wp-content\/uploads\/2024\/01\/josh-calabrese-sdjzry40RsE-unsplash-1024x683.jpg\" alt=\"\" class=\"wp-image-439\" style=\"width:420px;height:auto\" srcset=\"https:\/\/www.kliro.cz\/wp-content\/uploads\/2024\/01\/josh-calabrese-sdjzry40RsE-unsplash-1024x683.jpg 1024w, https:\/\/www.kliro.cz\/wp-content\/uploads\/2024\/01\/josh-calabrese-sdjzry40RsE-unsplash-300x200.jpg 300w, https:\/\/www.kliro.cz\/wp-content\/uploads\/2024\/01\/josh-calabrese-sdjzry40RsE-unsplash-768x512.jpg 768w, https:\/\/www.kliro.cz\/wp-content\/uploads\/2024\/01\/josh-calabrese-sdjzry40RsE-unsplash-1536x1024.jpg 1536w, https:\/\/www.kliro.cz\/wp-content\/uploads\/2024\/01\/josh-calabrese-sdjzry40RsE-unsplash-2048x1365.jpg 2048w\" sizes=\"auto, (max-width: 1024px) 100vw, 1024px\" \/><\/figure>\n<\/div>\n\n\n<p class=\"has-medium-font-size\">Je zn\u00e1mo, \u017ee v\u016fle lid\u00ed chodit do pr\u00e1ce se sni\u017euje s venkovn\u00ed teplotou. P\u0159edstava, \u017ee v takov\u00fd den p\u0159ijdete do \u0161pinav\u00e9ho prost\u0159ed\u00ed je ot\u0159esn\u00e1. Jako na potvoru je zima ve m\u011bst\u011b nejn\u00e1ro\u010dn\u011bj\u0161\u00edm obdob\u00edm na udr\u017een\u00ed \u010dist\u00e9 kancel\u00e1\u0159e. Nen\u00ed tedy moc lep\u0161\u00edch n\u00e1pad\u016f, ne\u017e se pr\u00e1v\u011b te\u010f zasoust\u0159edit na po\u0159\u00e1dn\u00fd \u00faklid!<\/p>\n\n\n\n<p class=\"has-medium-font-size\">Jeliko\u017e my \u00faklid d\u011bl\u00e1me, d\u00e1m v\u00e1m 3 tipy jak na to.<\/p>\n\n\n\n<h2 class=\"wp-block-heading\">Vstup je nejd\u016fle\u017eit\u011bj\u0161\u00ed!<\/h2>\n\n\n\n<p><\/p>\n\n\n\n<p class=\"has-medium-font-size\">Absolutn\u00ed pozornost pat\u0159\u00ed vstupn\u00edm prostor\u00e1m. Vstup je m\u00edstem, kde se hromad\u00ed v\u0161echno, o \u010dem ka\u017ed\u00fd pra\u017e\u00e1k nemluv\u00ed v zim\u011b jinak ne\u017e o m\u011bstsk\u00e9 s***ce.<br>Koberce a roho\u017eky v\u00e1m pom\u016f\u017eou sm\u011bs soli, bahna a vody zachytit. Nav\u00edc p\u0159edejdete p\u00e1d\u016fm usp\u011bchan\u00fdch mana\u017eer\u016f, kte\u0159\u00ed ka\u017ed\u00e9 r\u00e1no b\u011b\u017e\u00ed \u017eivotn\u00ed z\u00e1vod od dve\u0159\u00ed k v\u00fdtahu.<br>Roho\u017eky \u010di koberce budou \u0161pinav\u00e9 a tak to prost\u011b je, ale nebojte, vy\u010distit je nen\u00ed zas takov\u00fd probl\u00e9m.<\/p>\n\n\n\n<p class=\"has-medium-font-size\">Tady jsou 4 kroky jak <strong>vy\u010dist\u00edte roho\u017eku od zimn\u00ed soli.<\/strong><\/p>\n\n\n\n<ol class=\"wp-block-list\">\n<li class=\"has-medium-font-size\">Vypr\u00e1\u0161it &#8211; vemte ji ven a po\u0159\u00e1dn\u011b ho vyklepejte od soli.<\/li>\n\n\n\n<li class=\"has-medium-font-size\"><span style=\"color: initial; font-family: -apple-system, BlinkMacSystemFont, &quot;Segoe UI&quot;, Roboto, Oxygen-Sans, Ubuntu, Cantarell, &quot;Helvetica Neue&quot;, sans-serif;\">Vys\u00e1t &#8211; d\u016fkladn\u011b vysajte a zbavte koberec zbytku ne\u010distot.<\/span><\/li>\n\n\n\n<li class=\"has-medium-font-size\"><span style=\"color: initial; font-family: -apple-system, BlinkMacSystemFont, &quot;Segoe UI&quot;, Roboto, Oxygen-Sans, Ubuntu, Cantarell, &quot;Helvetica Neue&quot;, sans-serif;\">Vy\u010distit octem &#8211; s\u016fl je z\u00e1sadit\u00e1, tak\u017ee k jej\u00ed odstran\u011bn\u00ed pot\u0159ebujete n\u011bco kysel\u00e9ho. Sm\u00edchejte vla\u017enou vodu s octem a nast\u0159\u00edkejte na koberec.<\/span><\/li>\n\n\n\n<li class=\"has-medium-font-size\">Nechte vyschnout.<\/li>\n<\/ol>\n\n\n<div class=\"wp-block-image\">\n<figure class=\"alignright size-large is-resized\"><img loading=\"lazy\" decoding=\"async\" width=\"684\" height=\"1024\" src=\"https:\/\/www.kliro.cz\/wp-content\/uploads\/2024\/01\/gaelle-marcel-D3GYTrmj77M-unsplash-684x1024.jpg\" alt=\"\" class=\"wp-image-440\" style=\"width:181px;height:auto\" srcset=\"https:\/\/www.kliro.cz\/wp-content\/uploads\/2024\/01\/gaelle-marcel-D3GYTrmj77M-unsplash-684x1024.jpg 684w, https:\/\/www.kliro.cz\/wp-content\/uploads\/2024\/01\/gaelle-marcel-D3GYTrmj77M-unsplash-200x300.jpg 200w, https:\/\/www.kliro.cz\/wp-content\/uploads\/2024\/01\/gaelle-marcel-D3GYTrmj77M-unsplash-768x1150.jpg 768w, https:\/\/www.kliro.cz\/wp-content\/uploads\/2024\/01\/gaelle-marcel-D3GYTrmj77M-unsplash-1025x1536.jpg 1025w, https:\/\/www.kliro.cz\/wp-content\/uploads\/2024\/01\/gaelle-marcel-D3GYTrmj77M-unsplash-1367x2048.jpg 1367w, https:\/\/www.kliro.cz\/wp-content\/uploads\/2024\/01\/gaelle-marcel-D3GYTrmj77M-unsplash-scaled.jpg 1709w\" sizes=\"auto, (max-width: 684px) 100vw, 684px\" \/><\/figure>\n<\/div>\n\n\n<h2 class=\"wp-block-heading\">Dop\u0159ejte koleg\u016fm aspo\u0148 trochu sv\u011btla<\/h2>\n\n\n\n<p><\/p>\n\n\n\n<p class=\"has-medium-font-size\">Okna pou\u0161t\u00ed do kancel\u00e1\u0159e sv\u011btlo, kter\u00e9ho u\u017e tak m\u00e1me v zim\u011b nedostatek. Pokud jsou \u0161pinav\u00e1 a skoro p\u0159es n\u011b nen\u00ed vid\u011bt, odep\u00edr\u00e1te koleg\u016fm mnohdy to jedin\u00e9 sv\u011btlo, kter\u00e9 m\u016f\u017eou p\u0159es den vid\u011bt. Za to ur\u010dit\u011b nepod\u011bkuj\u00ed! Okna by se m\u011bla \u010distit alespo\u0148 2x ro\u010dn\u011b a to z obou stran.<\/p>\n\n\n\n<h2 class=\"wp-block-heading\">V\u011btrejte.<\/h2>\n\n\n\n<p><\/p>\n\n\n\n<p class=\"has-medium-font-size\">Zav\u0159en\u00e1 okna a topen\u00ed na max &#8211; to je kombinace, kter\u00e1 prosp\u00edv\u00e1 nejen zimom\u0159iv\u00fdm koleg\u016fm, ale i prachu a pl\u00edsn\u00edm. Ty potom \u010dasto zp\u016fsobuj\u00ed celofiremn\u00ed nemocensk\u00e9 dovolen\u00e9. Nen\u00ed nic jednodu\u0161\u0161\u00edho ne\u017e p\u00e1rkr\u00e1t za den otev\u0159\u00edt okno a vysv\u011btlit koleg\u016fm, \u017ee je to pro jejich dobro. Pokud z n\u011bjak\u00e9ho d\u016fvodu nem\u016f\u017eete okna otev\u00edrat, je na snad\u011b po\u0159\u00eddit \u010disti\u010dku vzduchu.<\/p>\n\n\n\n<p class=\"has-medium-font-size\">Udr\u017eet v zimn\u00edm obdob\u00ed perfektn\u011b \u010distou kancel\u00e1\u0159 m\u016f\u017ee b\u00fdt n\u00e1ro\u010dn\u011bj\u0161\u00ed, pokud ale budete v\u011bnovat pozornost vstupu, okn\u016fm a p\u0159\u00edsunu \u010derstv\u00e9ho vzduchu v\u011b\u0159te, \u017ee se v\u00e1m bude v kancel\u00e1\u0159i fungovat mnohem l\u00e9pe.<\/p>\n\n\n\n<p class=\"has-medium-font-size\"><\/p>\n\n\n\n<p><\/p>\n\n\n\n<p><\/p>\n\n\n\n<p>Filip z Klira<\/p>\n\n\n\n<p><\/p>\n\n\n\n<p><\/p>\n\n\n\n<p><\/p>\n\n\n\n<p><\/p>\n","protected":false},"excerpt":{"rendered":"<p>Je zn\u00e1mo, \u017ee v\u016fle lid\u00ed chodit do pr\u00e1ce se sni\u017euje s venkovn\u00ed teplotou. P\u0159edstava, \u017ee v takov\u00fd den p\u0159ijdete do \u0161pinav\u00e9ho prost\u0159ed\u00ed je ot\u0159esn\u00e1. Jako na potvoru je zima ve m\u011bst\u011b nejn\u00e1ro\u010dn\u011bj\u0161\u00edm obdob\u00edm na udr\u017een\u00ed \u010dist\u00e9 kancel\u00e1\u0159e. Nen\u00ed tedy moc lep\u0161\u00edch n\u00e1pad\u016f, ne\u017e se pr\u00e1v\u011b te\u010f zasoust\u0159edit na po\u0159\u00e1dn\u00fd \u00faklid! Jeliko\u017e my \u00faklid d\u011bl\u00e1me, d\u00e1m [&hellip;]<\/p>\n","protected":false},"author":2,"featured_media":439,"comment_status":"open","ping_status":"open","sticky":false,"template":"","format":"standard","meta":{"footnotes":""},"categories":[5],"tags":[],"class_list":["post-438","post","type-post","status-publish","format-standard","has-post-thumbnail","hentry","category-tipy-na-uklid-v-kancelari"],"_links":{"self":[{"href":"https:\/\/www.kliro.cz\/index.php?rest_route=\/wp\/v2\/posts\/438","targetHints":{"allow":["GET"]}}],"collection":[{"href":"https:\/\/www.kliro.cz\/index.php?rest_route=\/wp\/v2\/posts"}],"about":[{"href":"https:\/\/www.kliro.cz\/index.php?rest_route=\/wp\/v2\/types\/post"}],"author":[{"embeddable":true,"href":"https:\/\/www.kliro.cz\/index.php?rest_route=\/wp\/v2\/users\/2"}],"replies":[{"embeddable":true,"href":"https:\/\/www.kliro.cz\/index.php?rest_route=%2Fwp%2Fv2%2Fcomments&post=438"}],"version-history":[{"count":5,"href":"https:\/\/www.kliro.cz\/index.php?rest_route=\/wp\/v2\/posts\/438\/revisions"}],"predecessor-version":[{"id":489,"href":"https:\/\/www.kliro.cz\/index.php?rest_route=\/wp\/v2\/posts\/438\/revisions\/489"}],"wp:featuredmedia":[{"embeddable":true,"href":"https:\/\/www.kliro.cz\/index.php?rest_route=\/wp\/v2\/media\/439"}],"wp:attachment":[{"href":"https:\/\/www.kliro.cz\/index.php?rest_route=%2Fwp%2Fv2%2Fmedia&parent=438"}],"wp:term":[{"taxonomy":"category","embeddable":true,"href":"https:\/\/www.kliro.cz\/index.php?rest_route=%2Fwp%2Fv2%2Fcategories&post=438"},{"taxonomy":"post_tag","embeddable":true,"href":"https:\/\/www.kliro.cz\/index.php?rest_route=%2Fwp%2Fv2%2Ftags&post=438"}],"curies":[{"name":"wp","href":"https:\/\/api.w.org\/{rel}","templated":true}]}}