{"id":500,"date":"2024-04-03T08:31:21","date_gmt":"2024-04-03T08:31:21","guid":{"rendered":"https:\/\/www.kliro.cz\/?p=500"},"modified":"2024-04-03T08:34:34","modified_gmt":"2024-04-03T08:34:34","slug":"zima-nebyla-ale-jarni-uklid-vas-stejne-nemine","status":"publish","type":"post","link":"https:\/\/www.kliro.cz\/?p=500","title":{"rendered":"Je \u010das na jarn\u00ed \u00faklid!"},"content":{"rendered":"\n<p class=\"has-black-color has-text-color has-link-color has-medium-font-size wp-elements-13089f163532a9f3ff68576523254135\">To byla letos ale krut\u00e1 zima, \u017ee? Akor\u00e1t \u017ee v\u016fbec!<br><br>I tak je ale v kancel\u00e1\u0159\u00edch po zim\u011b spousta prachu a ne\u010distot. Je \u010das na jarn\u00ed \u00faklid!<br><br>A co se mus\u00ed ud\u011blat p\u0159ed po\u0159\u00e1dn\u00fdm \u00faklidem? Zkontrolovat kde v\u0161ude je nepo\u0159\u00e1dek&#8230; To zn\u00ed jako p\u011bkn\u00e1 nuda, \u017ee jo?<br><br>Proto jsem se rozhodl, \u017ee to letos ud\u011bl\u00e1m za v\u00e1s!<br><br>Nab\u00edz\u00edme n\u00e1\u0161 ofici\u00e1ln\u00ed audit, kter\u00fd d\u011bl\u00e1me na budov\u00e1ch a v kancel\u00e1\u0159\u00edch kde ukl\u00edz\u00edme.<br><br>POZOR \u010d.1. &#8211; Je to zdarma!<br>POZOR \u010d.2. &#8211; Ale jenom do konce dubna!<br><br>Pokud m\u00e1te z\u00e1jem, <a href=\"https:\/\/www.kliro.cz\/?page_id=13\" data-type=\"link\" data-id=\"https:\/\/www.kliro.cz\/?page_id=13\"><em>napi\u0161te n\u00e1m.<\/em><\/a><br><\/p>\n\n\n\n<figure class=\"wp-block-image size-large\"><img loading=\"lazy\" decoding=\"async\" width=\"1024\" height=\"681\" src=\"https:\/\/www.kliro.cz\/wp-content\/uploads\/2024\/04\/Hajlzpapir-03-1024x681.png\" alt=\"\" class=\"wp-image-501\" srcset=\"https:\/\/www.kliro.cz\/wp-content\/uploads\/2024\/04\/Hajlzpapir-03-1024x681.png 1024w, https:\/\/www.kliro.cz\/wp-content\/uploads\/2024\/04\/Hajlzpapir-03-300x199.png 300w, https:\/\/www.kliro.cz\/wp-content\/uploads\/2024\/04\/Hajlzpapir-03-768x510.png 768w, https:\/\/www.kliro.cz\/wp-content\/uploads\/2024\/04\/Hajlzpapir-03-1536x1021.png 1536w\" sizes=\"auto, (max-width: 1024px) 100vw, 1024px\" \/><\/figure>\n","protected":false},"excerpt":{"rendered":"<p>To byla letos ale krut\u00e1 zima, \u017ee? Akor\u00e1t \u017ee v\u016fbec! I tak je ale v kancel\u00e1\u0159\u00edch po zim\u011b spousta prachu a ne\u010distot. Je \u010das na jarn\u00ed \u00faklid! A co se mus\u00ed ud\u011blat p\u0159ed po\u0159\u00e1dn\u00fdm \u00faklidem? Zkontrolovat kde v\u0161ude je nepo\u0159\u00e1dek&#8230; To zn\u00ed jako p\u011bkn\u00e1 nuda, \u017ee jo? Proto jsem se rozhodl, \u017ee to letos ud\u011bl\u00e1m [&hellip;]<\/p>\n","protected":false},"author":2,"featured_media":502,"comment_status":"open","ping_status":"open","sticky":false,"template":"","format":"standard","meta":{"footnotes":""},"categories":[6],"tags":[],"class_list":["post-500","post","type-post","status-publish","format-standard","has-post-thumbnail","hentry","category-6"],"_links":{"self":[{"href":"https:\/\/www.kliro.cz\/index.php?rest_route=\/wp\/v2\/posts\/500","targetHints":{"allow":["GET"]}}],"collection":[{"href":"https:\/\/www.kliro.cz\/index.php?rest_route=\/wp\/v2\/posts"}],"about":[{"href":"https:\/\/www.kliro.cz\/index.php?rest_route=\/wp\/v2\/types\/post"}],"author":[{"embeddable":true,"href":"https:\/\/www.kliro.cz\/index.php?rest_route=\/wp\/v2\/users\/2"}],"replies":[{"embeddable":true,"href":"https:\/\/www.kliro.cz\/index.php?rest_route=%2Fwp%2Fv2%2Fcomments&post=500"}],"version-history":[{"count":4,"href":"https:\/\/www.kliro.cz\/index.php?rest_route=\/wp\/v2\/posts\/500\/revisions"}],"predecessor-version":[{"id":506,"href":"https:\/\/www.kliro.cz\/index.php?rest_route=\/wp\/v2\/posts\/500\/revisions\/506"}],"wp:featuredmedia":[{"embeddable":true,"href":"https:\/\/www.kliro.cz\/index.php?rest_route=\/wp\/v2\/media\/502"}],"wp:attachment":[{"href":"https:\/\/www.kliro.cz\/index.php?rest_route=%2Fwp%2Fv2%2Fmedia&parent=500"}],"wp:term":[{"taxonomy":"category","embeddable":true,"href":"https:\/\/www.kliro.cz\/index.php?rest_route=%2Fwp%2Fv2%2Fcategories&post=500"},{"taxonomy":"post_tag","embeddable":true,"href":"https:\/\/www.kliro.cz\/index.php?rest_route=%2Fwp%2Fv2%2Ftags&post=500"}],"curies":[{"name":"wp","href":"https:\/\/api.w.org\/{rel}","templated":true}]}}